{"id":31227,"date":"2023-04-03T18:55:57","date_gmt":"2023-04-03T18:55:57","guid":{"rendered":"https:\/\/densebreastscanada.ca\/?p=31227"},"modified":"2023-07-21T17:36:31","modified_gmt":"2023-07-21T17:36:31","slug":"in-memory-of-sharon-olson-2","status":"publish","type":"post","link":"https:\/\/densebreastscanada.ca\/fr\/in-memory-of-sharon-olson-2\/","title":{"rendered":"In Memory of Sharon Olson"},"content":{"rendered":"<p>Presented to Saskatchewan government April 4, 2023 by Sharon\u2019s sister Marjorie Olson.<\/p>\n<p>Sharon Olson was born May 10, 1962 and died August 5, 2022. She was Lois and Roland Olson\u2019s daughter, sister to three brothers and three sisters.<\/p>\n<p>When Sharon found a lump in her armpit in 2017, her doctor sent her for a mammogram which found nothing. In fact, the mammogram report stated that her breasts were extremely dense; there was no evidence of malignancy; there was no change compared to her mammogram from 2013; and the mammogram was \u201cgrossly unremarkable.\u201d<\/p>\n<p>Density was not something that Sharon had heard of before. She did not know that it could hide cancer in a mammogram and that it increased her risk of breast cancer. If she had known about the risks of dense breasts she could have advocated for an ultrasound in those years when the cancer was starting and before it spread to her lymph nodes. <\/p>\n<p>The subsequent ultrasound the same day as her mammogram found a large tumor in her left breast and cancer in her lymph nodes.<\/p>\n<p>Biopsies, bone scans, MRI, CT scan soon filled her schedule. Chemo, radiation, and surgery became hurdles to overcome and overcome them she did.<\/p>\n<p>Because of the demands of her profession as a teacher, Sharon knew she couldn\u2019t continue and took sick leave during her treatments and then retired after 28 years of teaching.<\/p>\n<p>And so, life resumed. She moved to Weyburn to be near her parents to help and be helped. She bought a house with a dream art studio in it so she could paint. Her large canvases of the South Saskatchewan River from space were held in awe by her nieces and nephews, and her time was filled with taking courses from the University of Saskatchewan, encouraging and being encouraged by her church family, studying the stars and the planets in the sky, and watching tennis.<\/p>\n<p>But her most enduring task was to know and promote and inform of the dangers of dense breasts. She hadn\u2019t known. She didn\u2019t want others to be in the same position as she had been. Her posts on Facebook oSen asked, \u201cDo you know if you are dense?\u201d<\/p>\n<p>Sharon familiarized herself with the lack of direction from the Canadian Task Force of Preventive Healthcare who didn\u2019t advise warning women of their density or recommend ultrasounds unless there was a suspicion of cancer on the off chance it could cause anxiety. This made her angry; how could a week or two of anxiety could possibly compare to 64 plus weeks of treatment and then in the end, death. How could a Task Force override her right to be informed so she could take preventive action?<\/p>\n<p>In February of 2022, Sharon contracted Covid 19 and her health suffered. Excruciating pain in her back and hips sent her to the hospital many times where she was given prescriptions for pain medication. The thought occurred to us that maybe the cancer had metastasized to her bones and in search of help she travelled to Regina General Hospital where she sat in Emergency for 48 hours before she was moved to a room.<\/p>\n<p>After many tests and scans which could not pinpoint the cause of her pain, a scan was done of her head and there it was, a tumour that caused brain tissue to be squeezed out of the way with the associated inflammation. We all hoped that surgery to remove the tumour would relieve her worst pain symptoms, but it did not.<\/p>\n<p>Sharon was having mobility issues causing her legs to spasm leading to falls and because of this it was evident to her oncologist that the breast cancer that had metastasized to her brain had spread beyond the tumour to the lining around her brain and spinal column and that further treatment, although not denied, could not be counted on to help. Plans were made for end-of-life care and her family gathered in love and support during the most painful time.<\/p>\n<p>Sharon\u2019s deepest hurt was the delay in providing necessary information about breast cancer to all so that they would know the true risks to their health and what to do about it.<\/p>\n<p>In the past, I\u2019ve received those letters from the Screening Program for Breast Cancer, and I am grateful<br \/>\nfor the program as I am sure it has helped many. I was told I have dense breasts but not what that<br \/>\nmeant \u2013 not a hint of the heightened risk nor a link to an informational website. I also could have had mammograms that were \u201cgrossly unremarkable\u201d that let me think that I was fine. The wording is now more strongly worded, but it is still easy to overlook when one doesn\u2019t have the understanding. I realize that we need to be our own advocates, but we cannot advocate for something we don\u2019t know. And people\u2019s doctors (if indeed they have primary care physicians) cannot advocate for their patients if they are not informed of the risks their patients with dense breast face or understand the necessary screening that needs to be done.<\/p>\n<p> And that was what Sharon wanted \u2013 for women to know their risks and in that she succeeded because information will be provided to women with dense breasts in the fall of 2023.<br \/>\nBut that is not enough because the government must allow the best decisions for screening:<br \/>\n&#8211; to start screening at 40 years of age;<br \/>\n&#8211; to advise every person of their breast density and how their density affects their risk so they, too, can share the knowledge;<br \/>\n&#8211; what a mammogram can and cannot show;<br \/>\n&#8211; and to include annual screening ultrasounds in addition to mammograms for people with dense breasts.<\/p>\n<p>With your help our family knows that Sharon\u2019s hope will come true; that every person in Saskatchewan will be given every chance to find cancer early.<\/p>\n<p>Thank you.<br \/>\n<img loading=\"lazy\" decoding=\"async\" src=\"https:\/\/densebreastscanada.ca\/wp-content\/uploads\/2023\/04\/sharon-pain-300x300.jpg\" alt=\"\" width=\"300\" height=\"300\" class=\"alignnone size-medium wp-image-31203\" srcset=\"https:\/\/densebreastscanada.ca\/wp-content\/uploads\/2023\/04\/sharon-pain-300x300.jpg 300w, https:\/\/densebreastscanada.ca\/wp-content\/uploads\/2023\/04\/sharon-pain-150x150.jpg 150w, https:\/\/densebreastscanada.ca\/wp-content\/uploads\/2023\/04\/sharon-pain-12x12.jpg 12w, https:\/\/densebreastscanada.ca\/wp-content\/uploads\/2023\/04\/sharon-pain.jpg 540w\" sizes=\"auto, (max-width: 300px) 100vw, 300px\" \/><\/p>","protected":false},"excerpt":{"rendered":"<p>Pr\u00e9sent\u00e9 au gouvernement de la Saskatchewan le 4 avril 2023 par Marjorie Olson, la s\u0153ur de Sharon. Sharon Olson est n\u00e9e le 10 mai 1962 et est d\u00e9c\u00e9d\u00e9e le 5 ao\u00fbt 2022. Elle \u00e9tait la fille de Lois et Roland Olson, la s\u0153ur de trois fr\u00e8res et trois s\u0153urs. Lorsque Sharon a d\u00e9couvert une grosseur sous l'aisselle en 2017, son m\u00e9decin l'a envoy\u00e9e passer une mammographie...<\/p>","protected":false},"author":4,"featured_media":31203,"comment_status":"closed","ping_status":"closed","sticky":false,"template":"","format":"standard","meta":{"om_disable_all_campaigns":false,"footnotes":"","_links_to":"","_links_to_target":""},"categories":[83],"tags":[],"class_list":["post-31227","post","type-post","status-publish","format-standard","has-post-thumbnail","hentry","category-stories"],"yoast_head":"<!-- This site is optimized with the Yoast SEO plugin v27.4 - https:\/\/yoast.com\/product\/yoast-seo-wordpress\/ -->\n<title>In Memory of Sharon Olson | Dense Breasts Canada<\/title>\n<meta name=\"robots\" content=\"index, follow, max-snippet:-1, max-image-preview:large, max-video-preview:-1\" \/>\n<link rel=\"canonical\" href=\"https:\/\/densebreastscanada.ca\/fr\/in-memory-of-sharon-olson-2\/\" \/>\n<meta property=\"og:locale\" content=\"fr_CA\" \/>\n<meta property=\"og:type\" content=\"article\" \/>\n<meta property=\"og:title\" content=\"In Memory of Sharon Olson | Dense Breasts Canada\" \/>\n<meta property=\"og:description\" content=\"Presented to Saskatchewan government April 4, 2023 by Sharon\u2019s sister Marjorie Olson. Sharon Olson was born May 10, 1962 and died August 5, 2022. She was Lois and Roland Olson\u2019s daughter, sister to three brothers and three sisters. When Sharon found a lump in her armpit in 2017, her doctor sent her for a mammogram&hellip;\" \/>\n<meta property=\"og:url\" content=\"https:\/\/densebreastscanada.ca\/fr\/in-memory-of-sharon-olson-2\/\" \/>\n<meta property=\"og:site_name\" content=\"Dense Breasts Canada\" \/>\n<meta property=\"article:publisher\" content=\"https:\/\/www.facebook.com\/densebreastscanada\/\" \/>\n<meta property=\"article:published_time\" content=\"2023-04-03T18:55:57+00:00\" \/>\n<meta property=\"article:modified_time\" content=\"2023-07-21T17:36:31+00:00\" \/>\n<meta property=\"og:image\" content=\"https:\/\/densebreastscanada.ca\/wp-content\/uploads\/2023\/04\/sharon-pain.jpg\" \/>\n\t<meta property=\"og:image:width\" content=\"540\" \/>\n\t<meta property=\"og:image:height\" content=\"540\" \/>\n\t<meta property=\"og:image:type\" content=\"image\/jpeg\" \/>\n<meta name=\"author\" content=\"Jennie Dale\" \/>\n<meta name=\"twitter:card\" content=\"summary_large_image\" \/>\n<meta name=\"twitter:creator\" content=\"@densebreastscdn\" \/>\n<meta name=\"twitter:site\" content=\"@densebreastscdn\" \/>\n<meta name=\"twitter:label1\" content=\"\u00c9crit par\" \/>\n\t<meta name=\"twitter:data1\" content=\"Jennie Dale\" \/>\n\t<meta name=\"twitter:label2\" content=\"Estimation du temps de lecture\" \/>\n\t<meta name=\"twitter:data2\" content=\"5 minutes\" \/>\n<script type=\"application\/ld+json\" class=\"yoast-schema-graph\">{\"@context\":\"https:\\\/\\\/schema.org\",\"@graph\":[{\"@type\":\"Article\",\"@id\":\"https:\\\/\\\/densebreastscanada.ca\\\/in-memory-of-sharon-olson-2\\\/#article\",\"isPartOf\":{\"@id\":\"https:\\\/\\\/densebreastscanada.ca\\\/in-memory-of-sharon-olson-2\\\/\"},\"author\":{\"name\":\"Jennie Dale\",\"@id\":\"https:\\\/\\\/densebreastscanada.ca\\\/#\\\/schema\\\/person\\\/8e89fec14ae1795cf520092c07ef40de\"},\"headline\":\"In Memory of Sharon Olson\",\"datePublished\":\"2023-04-03T18:55:57+00:00\",\"dateModified\":\"2023-07-21T17:36:31+00:00\",\"mainEntityOfPage\":{\"@id\":\"https:\\\/\\\/densebreastscanada.ca\\\/in-memory-of-sharon-olson-2\\\/\"},\"wordCount\":982,\"publisher\":{\"@id\":\"https:\\\/\\\/densebreastscanada.ca\\\/#organization\"},\"image\":{\"@id\":\"https:\\\/\\\/densebreastscanada.ca\\\/in-memory-of-sharon-olson-2\\\/#primaryimage\"},\"thumbnailUrl\":\"https:\\\/\\\/densebreastscanada.ca\\\/wp-content\\\/uploads\\\/2023\\\/04\\\/sharon-pain.jpg\",\"articleSection\":[\"Stories\"],\"inLanguage\":\"fr-CA\"},{\"@type\":\"WebPage\",\"@id\":\"https:\\\/\\\/densebreastscanada.ca\\\/in-memory-of-sharon-olson-2\\\/\",\"url\":\"https:\\\/\\\/densebreastscanada.ca\\\/in-memory-of-sharon-olson-2\\\/\",\"name\":\"In Memory of Sharon Olson | Dense Breasts Canada\",\"isPartOf\":{\"@id\":\"https:\\\/\\\/densebreastscanada.ca\\\/#website\"},\"primaryImageOfPage\":{\"@id\":\"https:\\\/\\\/densebreastscanada.ca\\\/in-memory-of-sharon-olson-2\\\/#primaryimage\"},\"image\":{\"@id\":\"https:\\\/\\\/densebreastscanada.ca\\\/in-memory-of-sharon-olson-2\\\/#primaryimage\"},\"thumbnailUrl\":\"https:\\\/\\\/densebreastscanada.ca\\\/wp-content\\\/uploads\\\/2023\\\/04\\\/sharon-pain.jpg\",\"datePublished\":\"2023-04-03T18:55:57+00:00\",\"dateModified\":\"2023-07-21T17:36:31+00:00\",\"breadcrumb\":{\"@id\":\"https:\\\/\\\/densebreastscanada.ca\\\/in-memory-of-sharon-olson-2\\\/#breadcrumb\"},\"inLanguage\":\"fr-CA\",\"potentialAction\":[{\"@type\":\"ReadAction\",\"target\":[\"https:\\\/\\\/densebreastscanada.ca\\\/in-memory-of-sharon-olson-2\\\/\"]}]},{\"@type\":\"ImageObject\",\"inLanguage\":\"fr-CA\",\"@id\":\"https:\\\/\\\/densebreastscanada.ca\\\/in-memory-of-sharon-olson-2\\\/#primaryimage\",\"url\":\"https:\\\/\\\/densebreastscanada.ca\\\/wp-content\\\/uploads\\\/2023\\\/04\\\/sharon-pain.jpg\",\"contentUrl\":\"https:\\\/\\\/densebreastscanada.ca\\\/wp-content\\\/uploads\\\/2023\\\/04\\\/sharon-pain.jpg\",\"width\":540,\"height\":540},{\"@type\":\"BreadcrumbList\",\"@id\":\"https:\\\/\\\/densebreastscanada.ca\\\/in-memory-of-sharon-olson-2\\\/#breadcrumb\",\"itemListElement\":[{\"@type\":\"ListItem\",\"position\":1,\"name\":\"Home\",\"item\":\"https:\\\/\\\/densebreastscanada.ca\\\/\"},{\"@type\":\"ListItem\",\"position\":2,\"name\":\"In Memory of Sharon Olson\"}]},{\"@type\":\"WebSite\",\"@id\":\"https:\\\/\\\/densebreastscanada.ca\\\/#website\",\"url\":\"https:\\\/\\\/densebreastscanada.ca\\\/\",\"name\":\"Dense Breasts Canada\",\"description\":\"Get the breast screening best for you\",\"publisher\":{\"@id\":\"https:\\\/\\\/densebreastscanada.ca\\\/#organization\"},\"potentialAction\":[{\"@type\":\"SearchAction\",\"target\":{\"@type\":\"EntryPoint\",\"urlTemplate\":\"https:\\\/\\\/densebreastscanada.ca\\\/?s={search_term_string}\"},\"query-input\":{\"@type\":\"PropertyValueSpecification\",\"valueRequired\":true,\"valueName\":\"search_term_string\"}}],\"inLanguage\":\"fr-CA\"},{\"@type\":\"Organization\",\"@id\":\"https:\\\/\\\/densebreastscanada.ca\\\/#organization\",\"name\":\"Dense Breasts Canada\",\"url\":\"https:\\\/\\\/densebreastscanada.ca\\\/\",\"logo\":{\"@type\":\"ImageObject\",\"inLanguage\":\"fr-CA\",\"@id\":\"https:\\\/\\\/densebreastscanada.ca\\\/#\\\/schema\\\/logo\\\/image\\\/\",\"url\":\"https:\\\/\\\/densebreastscanada.ca\\\/wp-content\\\/uploads\\\/2019\\\/04\\\/DenseBreastsCanada_Logo_H_C-150.png\",\"contentUrl\":\"https:\\\/\\\/densebreastscanada.ca\\\/wp-content\\\/uploads\\\/2019\\\/04\\\/DenseBreastsCanada_Logo_H_C-150.png\",\"width\":150,\"height\":37,\"caption\":\"Dense Breasts Canada\"},\"image\":{\"@id\":\"https:\\\/\\\/densebreastscanada.ca\\\/#\\\/schema\\\/logo\\\/image\\\/\"},\"sameAs\":[\"https:\\\/\\\/www.facebook.com\\\/densebreastscanada\\\/\",\"https:\\\/\\\/x.com\\\/densebreastscdn\",\"https:\\\/\\\/www.instagram.com\\\/densebreastscanada\\\/\"]},{\"@type\":\"Person\",\"@id\":\"https:\\\/\\\/densebreastscanada.ca\\\/#\\\/schema\\\/person\\\/8e89fec14ae1795cf520092c07ef40de\",\"name\":\"Jennie Dale\",\"image\":{\"@type\":\"ImageObject\",\"inLanguage\":\"fr-CA\",\"@id\":\"https:\\\/\\\/densebreastscanada.ca\\\/wp-content\\\/wphb-cache\\\/gravatar\\\/6ec\\\/6ec2fb01af2086cfc0daeb52b65968e5x96.jpg\",\"url\":\"https:\\\/\\\/densebreastscanada.ca\\\/wp-content\\\/wphb-cache\\\/gravatar\\\/6ec\\\/6ec2fb01af2086cfc0daeb52b65968e5x96.jpg\",\"contentUrl\":\"https:\\\/\\\/densebreastscanada.ca\\\/wp-content\\\/wphb-cache\\\/gravatar\\\/6ec\\\/6ec2fb01af2086cfc0daeb52b65968e5x96.jpg\",\"caption\":\"Jennie Dale\"}}]}<\/script>\n<!-- \/ Yoast SEO plugin. -->","yoast_head_json":{"title":"In Memory of Sharon Olson | Dense Breasts Canada","robots":{"index":"index","follow":"follow","max-snippet":"max-snippet:-1","max-image-preview":"max-image-preview:large","max-video-preview":"max-video-preview:-1"},"canonical":"https:\/\/densebreastscanada.ca\/fr\/in-memory-of-sharon-olson-2\/","og_locale":"fr_CA","og_type":"article","og_title":"In Memory of Sharon Olson | Dense Breasts Canada","og_description":"Presented to Saskatchewan government April 4, 2023 by Sharon\u2019s sister Marjorie Olson. Sharon Olson was born May 10, 1962 and died August 5, 2022. She was Lois and Roland Olson\u2019s daughter, sister to three brothers and three sisters. When Sharon found a lump in her armpit in 2017, her doctor sent her for a mammogram&hellip;","og_url":"https:\/\/densebreastscanada.ca\/fr\/in-memory-of-sharon-olson-2\/","og_site_name":"Dense Breasts Canada","article_publisher":"https:\/\/www.facebook.com\/densebreastscanada\/","article_published_time":"2023-04-03T18:55:57+00:00","article_modified_time":"2023-07-21T17:36:31+00:00","og_image":[{"width":540,"height":540,"url":"https:\/\/densebreastscanada.ca\/wp-content\/uploads\/2023\/04\/sharon-pain.jpg","type":"image\/jpeg"}],"author":"Jennie Dale","twitter_card":"summary_large_image","twitter_creator":"@densebreastscdn","twitter_site":"@densebreastscdn","twitter_misc":{"\u00c9crit par":"Jennie Dale","Estimation du temps de lecture":"5 minutes"},"schema":{"@context":"https:\/\/schema.org","@graph":[{"@type":"Article","@id":"https:\/\/densebreastscanada.ca\/in-memory-of-sharon-olson-2\/#article","isPartOf":{"@id":"https:\/\/densebreastscanada.ca\/in-memory-of-sharon-olson-2\/"},"author":{"name":"Jennie Dale","@id":"https:\/\/densebreastscanada.ca\/#\/schema\/person\/8e89fec14ae1795cf520092c07ef40de"},"headline":"In Memory of Sharon Olson","datePublished":"2023-04-03T18:55:57+00:00","dateModified":"2023-07-21T17:36:31+00:00","mainEntityOfPage":{"@id":"https:\/\/densebreastscanada.ca\/in-memory-of-sharon-olson-2\/"},"wordCount":982,"publisher":{"@id":"https:\/\/densebreastscanada.ca\/#organization"},"image":{"@id":"https:\/\/densebreastscanada.ca\/in-memory-of-sharon-olson-2\/#primaryimage"},"thumbnailUrl":"https:\/\/densebreastscanada.ca\/wp-content\/uploads\/2023\/04\/sharon-pain.jpg","articleSection":["Stories"],"inLanguage":"fr-CA"},{"@type":"WebPage","@id":"https:\/\/densebreastscanada.ca\/in-memory-of-sharon-olson-2\/","url":"https:\/\/densebreastscanada.ca\/in-memory-of-sharon-olson-2\/","name":"In Memory of Sharon Olson | Dense Breasts Canada","isPartOf":{"@id":"https:\/\/densebreastscanada.ca\/#website"},"primaryImageOfPage":{"@id":"https:\/\/densebreastscanada.ca\/in-memory-of-sharon-olson-2\/#primaryimage"},"image":{"@id":"https:\/\/densebreastscanada.ca\/in-memory-of-sharon-olson-2\/#primaryimage"},"thumbnailUrl":"https:\/\/densebreastscanada.ca\/wp-content\/uploads\/2023\/04\/sharon-pain.jpg","datePublished":"2023-04-03T18:55:57+00:00","dateModified":"2023-07-21T17:36:31+00:00","breadcrumb":{"@id":"https:\/\/densebreastscanada.ca\/in-memory-of-sharon-olson-2\/#breadcrumb"},"inLanguage":"fr-CA","potentialAction":[{"@type":"ReadAction","target":["https:\/\/densebreastscanada.ca\/in-memory-of-sharon-olson-2\/"]}]},{"@type":"ImageObject","inLanguage":"fr-CA","@id":"https:\/\/densebreastscanada.ca\/in-memory-of-sharon-olson-2\/#primaryimage","url":"https:\/\/densebreastscanada.ca\/wp-content\/uploads\/2023\/04\/sharon-pain.jpg","contentUrl":"https:\/\/densebreastscanada.ca\/wp-content\/uploads\/2023\/04\/sharon-pain.jpg","width":540,"height":540},{"@type":"BreadcrumbList","@id":"https:\/\/densebreastscanada.ca\/in-memory-of-sharon-olson-2\/#breadcrumb","itemListElement":[{"@type":"ListItem","position":1,"name":"Home","item":"https:\/\/densebreastscanada.ca\/"},{"@type":"ListItem","position":2,"name":"In Memory of Sharon Olson"}]},{"@type":"WebSite","@id":"https:\/\/densebreastscanada.ca\/#website","url":"https:\/\/densebreastscanada.ca\/","name":"Dense Breasts Canada","description":"Get the breast screening best for you","publisher":{"@id":"https:\/\/densebreastscanada.ca\/#organization"},"potentialAction":[{"@type":"SearchAction","target":{"@type":"EntryPoint","urlTemplate":"https:\/\/densebreastscanada.ca\/?s={search_term_string}"},"query-input":{"@type":"PropertyValueSpecification","valueRequired":true,"valueName":"search_term_string"}}],"inLanguage":"fr-CA"},{"@type":"Organization","@id":"https:\/\/densebreastscanada.ca\/#organization","name":"Dense Breasts Canada","url":"https:\/\/densebreastscanada.ca\/","logo":{"@type":"ImageObject","inLanguage":"fr-CA","@id":"https:\/\/densebreastscanada.ca\/#\/schema\/logo\/image\/","url":"https:\/\/densebreastscanada.ca\/wp-content\/uploads\/2019\/04\/DenseBreastsCanada_Logo_H_C-150.png","contentUrl":"https:\/\/densebreastscanada.ca\/wp-content\/uploads\/2019\/04\/DenseBreastsCanada_Logo_H_C-150.png","width":150,"height":37,"caption":"Dense Breasts Canada"},"image":{"@id":"https:\/\/densebreastscanada.ca\/#\/schema\/logo\/image\/"},"sameAs":["https:\/\/www.facebook.com\/densebreastscanada\/","https:\/\/x.com\/densebreastscdn","https:\/\/www.instagram.com\/densebreastscanada\/"]},{"@type":"Person","@id":"https:\/\/densebreastscanada.ca\/#\/schema\/person\/8e89fec14ae1795cf520092c07ef40de","name":"Jennie Dale","image":{"@type":"ImageObject","inLanguage":"fr-CA","@id":"https:\/\/densebreastscanada.ca\/wp-content\/wphb-cache\/gravatar\/6ec\/6ec2fb01af2086cfc0daeb52b65968e5x96.jpg","url":"https:\/\/densebreastscanada.ca\/wp-content\/wphb-cache\/gravatar\/6ec\/6ec2fb01af2086cfc0daeb52b65968e5x96.jpg","contentUrl":"https:\/\/densebreastscanada.ca\/wp-content\/wphb-cache\/gravatar\/6ec\/6ec2fb01af2086cfc0daeb52b65968e5x96.jpg","caption":"Jennie Dale"}}]}},"_links":{"self":[{"href":"https:\/\/densebreastscanada.ca\/fr\/wp-json\/wp\/v2\/posts\/31227","targetHints":{"allow":["GET"]}}],"collection":[{"href":"https:\/\/densebreastscanada.ca\/fr\/wp-json\/wp\/v2\/posts"}],"about":[{"href":"https:\/\/densebreastscanada.ca\/fr\/wp-json\/wp\/v2\/types\/post"}],"author":[{"embeddable":true,"href":"https:\/\/densebreastscanada.ca\/fr\/wp-json\/wp\/v2\/users\/4"}],"replies":[{"embeddable":true,"href":"https:\/\/densebreastscanada.ca\/fr\/wp-json\/wp\/v2\/comments?post=31227"}],"version-history":[{"count":0,"href":"https:\/\/densebreastscanada.ca\/fr\/wp-json\/wp\/v2\/posts\/31227\/revisions"}],"wp:featuredmedia":[{"embeddable":true,"href":"https:\/\/densebreastscanada.ca\/fr\/wp-json\/wp\/v2\/media\/31203"}],"wp:attachment":[{"href":"https:\/\/densebreastscanada.ca\/fr\/wp-json\/wp\/v2\/media?parent=31227"}],"wp:term":[{"taxonomy":"category","embeddable":true,"href":"https:\/\/densebreastscanada.ca\/fr\/wp-json\/wp\/v2\/categories?post=31227"},{"taxonomy":"post_tag","embeddable":true,"href":"https:\/\/densebreastscanada.ca\/fr\/wp-json\/wp\/v2\/tags?post=31227"}],"curies":[{"name":"wp","href":"https:\/\/api.w.org\/{rel}","templated":true}]}}