{"id":31232,"date":"2023-04-03T19:02:20","date_gmt":"2023-04-03T19:02:20","guid":{"rendered":"https:\/\/densebreastscanada.ca\/?p=31232"},"modified":"2023-04-03T19:04:47","modified_gmt":"2023-04-03T19:04:47","slug":"karen","status":"publish","type":"post","link":"https:\/\/densebreastscanada.ca\/fr\/karen\/","title":{"rendered":"Karen"},"content":{"rendered":"<p>I started having regular mammograms at the age of 47 because my mother had breast cancer at 57. All the mammograms were clear as read by the radiologist. My most recent one was April 27, 2022 and it also was clear. Two weeks later, I noticed my breast was very misshapen. I saw my nurse practitioner who referred me for an ultrasound. The ultrasound revealed a 9cm mass which, on biopsy, turned out to be triple negative breast cancer which had also spread to my lymph nodes. I asked the radiologist why such a large mass wasn\u2019t visible on the mammogram and she said because I had dense breasts.<\/p>\n<p>Pathology determined that my tumour was mixed ductal cell and lobular cell. The lobular cell component also makes it difficult to detect by mammogram. Since then, I have had chemo, a double mastectomy, radiation, and will soon be going on oral chemo. I\u2019m certain, that if my earlier mammograms had been followed up with ultrasound. based on my breast density, the tumour would have been detected much sooner.<\/p>\n<p>As it stands, my prognosis remains uncertain, given the aggressive nature, high recurrence rate and poor prognosis of triple negative breast cancer. Earlier detection could have mitigated all of that. Ultrasounds should be standard of care for EVERY woman who is identified as having even moderate breast density. No one ever told me I had dense breasts, and I was certainly never given a score for my breast density. I have received outstanding care for my breast cancer, I just hope it didn\u2019t come too late.<\/p>","protected":false},"excerpt":{"rendered":"<p>J'ai commenc\u00e9 \u00e0 passer r\u00e9guli\u00e8rement des mammographies \u00e0 l'\u00e2ge de 47 ans parce que ma m\u00e8re a eu un cancer du sein \u00e0 57 ans. Toutes les mammographies \u00e9taient claires d'apr\u00e8s le radiologue. La plus r\u00e9cente date du 27 avril 2022 et elle \u00e9tait \u00e9galement claire. Deux semaines plus tard, j'ai remarqu\u00e9 que mon sein \u00e9tait tr\u00e8s difforme. J'ai vu mon infirmi\u00e8re...<\/p>","protected":false},"author":4,"featured_media":31233,"comment_status":"closed","ping_status":"closed","sticky":false,"template":"","format":"standard","meta":{"om_disable_all_campaigns":false,"footnotes":"","_links_to":"","_links_to_target":""},"categories":[83],"tags":[],"class_list":["post-31232","post","type-post","status-publish","format-standard","has-post-thumbnail","hentry","category-stories"],"yoast_head":"<!-- This site is optimized with the Yoast SEO plugin v27.5 - https:\/\/yoast.com\/product\/yoast-seo-wordpress\/ -->\n<title>Karen | Dense Breasts Canada<\/title>\n<meta name=\"robots\" content=\"index, follow, max-snippet:-1, max-image-preview:large, max-video-preview:-1\" \/>\n<link rel=\"canonical\" href=\"https:\/\/densebreastscanada.ca\/fr\/karen\/\" \/>\n<meta property=\"og:locale\" content=\"fr_CA\" \/>\n<meta property=\"og:type\" content=\"article\" \/>\n<meta property=\"og:title\" content=\"Karen | Dense Breasts Canada\" \/>\n<meta property=\"og:description\" content=\"I started having regular mammograms at the age of 47 because my mother had breast cancer at 57. All the mammograms were clear as read by the radiologist. My most recent one was April 27, 2022 and it also was clear. Two weeks later, I noticed my breast was very misshapen. I saw my nurse&hellip;\" \/>\n<meta property=\"og:url\" content=\"https:\/\/densebreastscanada.ca\/fr\/karen\/\" \/>\n<meta property=\"og:site_name\" content=\"Dense Breasts Canada\" \/>\n<meta property=\"article:publisher\" content=\"https:\/\/www.facebook.com\/densebreastscanada\/\" \/>\n<meta property=\"article:published_time\" content=\"2023-04-03T19:02:20+00:00\" \/>\n<meta property=\"article:modified_time\" content=\"2023-04-03T19:04:47+00:00\" \/>\n<meta property=\"og:image\" content=\"https:\/\/densebreastscanada.ca\/wp-content\/uploads\/2023\/04\/Karen.jpg\" \/>\n\t<meta property=\"og:image:width\" content=\"1080\" \/>\n\t<meta property=\"og:image:height\" content=\"1080\" \/>\n\t<meta property=\"og:image:type\" content=\"image\/jpeg\" \/>\n<meta name=\"author\" content=\"Jennie Dale\" \/>\n<meta name=\"twitter:card\" content=\"summary_large_image\" \/>\n<meta name=\"twitter:creator\" content=\"@densebreastscdn\" \/>\n<meta name=\"twitter:site\" content=\"@densebreastscdn\" \/>\n<meta name=\"twitter:label1\" content=\"\u00c9crit par\" \/>\n\t<meta name=\"twitter:data1\" content=\"Jennie Dale\" \/>\n\t<meta name=\"twitter:label2\" content=\"Estimation du temps de lecture\" \/>\n\t<meta name=\"twitter:data2\" content=\"2 minutes\" \/>\n<script type=\"application\/ld+json\" class=\"yoast-schema-graph\">{\"@context\":\"https:\\\/\\\/schema.org\",\"@graph\":[{\"@type\":\"Article\",\"@id\":\"https:\\\/\\\/densebreastscanada.ca\\\/karen\\\/#article\",\"isPartOf\":{\"@id\":\"https:\\\/\\\/densebreastscanada.ca\\\/karen\\\/\"},\"author\":{\"name\":\"Jennie Dale\",\"@id\":\"https:\\\/\\\/densebreastscanada.ca\\\/#\\\/schema\\\/person\\\/8e89fec14ae1795cf520092c07ef40de\"},\"headline\":\"Karen\",\"datePublished\":\"2023-04-03T19:02:20+00:00\",\"dateModified\":\"2023-04-03T19:04:47+00:00\",\"mainEntityOfPage\":{\"@id\":\"https:\\\/\\\/densebreastscanada.ca\\\/karen\\\/\"},\"wordCount\":263,\"publisher\":{\"@id\":\"https:\\\/\\\/densebreastscanada.ca\\\/#organization\"},\"image\":{\"@id\":\"https:\\\/\\\/densebreastscanada.ca\\\/karen\\\/#primaryimage\"},\"thumbnailUrl\":\"https:\\\/\\\/densebreastscanada.ca\\\/wp-content\\\/uploads\\\/2023\\\/04\\\/Karen.jpg\",\"articleSection\":[\"Stories\"],\"inLanguage\":\"fr-CA\"},{\"@type\":\"WebPage\",\"@id\":\"https:\\\/\\\/densebreastscanada.ca\\\/karen\\\/\",\"url\":\"https:\\\/\\\/densebreastscanada.ca\\\/karen\\\/\",\"name\":\"Karen | Dense Breasts Canada\",\"isPartOf\":{\"@id\":\"https:\\\/\\\/densebreastscanada.ca\\\/#website\"},\"primaryImageOfPage\":{\"@id\":\"https:\\\/\\\/densebreastscanada.ca\\\/karen\\\/#primaryimage\"},\"image\":{\"@id\":\"https:\\\/\\\/densebreastscanada.ca\\\/karen\\\/#primaryimage\"},\"thumbnailUrl\":\"https:\\\/\\\/densebreastscanada.ca\\\/wp-content\\\/uploads\\\/2023\\\/04\\\/Karen.jpg\",\"datePublished\":\"2023-04-03T19:02:20+00:00\",\"dateModified\":\"2023-04-03T19:04:47+00:00\",\"breadcrumb\":{\"@id\":\"https:\\\/\\\/densebreastscanada.ca\\\/karen\\\/#breadcrumb\"},\"inLanguage\":\"fr-CA\",\"potentialAction\":[{\"@type\":\"ReadAction\",\"target\":[\"https:\\\/\\\/densebreastscanada.ca\\\/karen\\\/\"]}]},{\"@type\":\"ImageObject\",\"inLanguage\":\"fr-CA\",\"@id\":\"https:\\\/\\\/densebreastscanada.ca\\\/karen\\\/#primaryimage\",\"url\":\"https:\\\/\\\/densebreastscanada.ca\\\/wp-content\\\/uploads\\\/2023\\\/04\\\/Karen.jpg\",\"contentUrl\":\"https:\\\/\\\/densebreastscanada.ca\\\/wp-content\\\/uploads\\\/2023\\\/04\\\/Karen.jpg\",\"width\":1080,\"height\":1080},{\"@type\":\"BreadcrumbList\",\"@id\":\"https:\\\/\\\/densebreastscanada.ca\\\/karen\\\/#breadcrumb\",\"itemListElement\":[{\"@type\":\"ListItem\",\"position\":1,\"name\":\"Home\",\"item\":\"https:\\\/\\\/densebreastscanada.ca\\\/\"},{\"@type\":\"ListItem\",\"position\":2,\"name\":\"Karen\"}]},{\"@type\":\"WebSite\",\"@id\":\"https:\\\/\\\/densebreastscanada.ca\\\/#website\",\"url\":\"https:\\\/\\\/densebreastscanada.ca\\\/\",\"name\":\"Dense Breasts Canada\",\"description\":\"Get the breast screening best for you\",\"publisher\":{\"@id\":\"https:\\\/\\\/densebreastscanada.ca\\\/#organization\"},\"potentialAction\":[{\"@type\":\"SearchAction\",\"target\":{\"@type\":\"EntryPoint\",\"urlTemplate\":\"https:\\\/\\\/densebreastscanada.ca\\\/?s={search_term_string}\"},\"query-input\":{\"@type\":\"PropertyValueSpecification\",\"valueRequired\":true,\"valueName\":\"search_term_string\"}}],\"inLanguage\":\"fr-CA\"},{\"@type\":\"Organization\",\"@id\":\"https:\\\/\\\/densebreastscanada.ca\\\/#organization\",\"name\":\"Dense Breasts Canada\",\"url\":\"https:\\\/\\\/densebreastscanada.ca\\\/\",\"logo\":{\"@type\":\"ImageObject\",\"inLanguage\":\"fr-CA\",\"@id\":\"https:\\\/\\\/densebreastscanada.ca\\\/#\\\/schema\\\/logo\\\/image\\\/\",\"url\":\"https:\\\/\\\/densebreastscanada.ca\\\/wp-content\\\/uploads\\\/2019\\\/04\\\/DenseBreastsCanada_Logo_H_C-150.png\",\"contentUrl\":\"https:\\\/\\\/densebreastscanada.ca\\\/wp-content\\\/uploads\\\/2019\\\/04\\\/DenseBreastsCanada_Logo_H_C-150.png\",\"width\":150,\"height\":37,\"caption\":\"Dense Breasts Canada\"},\"image\":{\"@id\":\"https:\\\/\\\/densebreastscanada.ca\\\/#\\\/schema\\\/logo\\\/image\\\/\"},\"sameAs\":[\"https:\\\/\\\/www.facebook.com\\\/densebreastscanada\\\/\",\"https:\\\/\\\/x.com\\\/densebreastscdn\",\"https:\\\/\\\/www.instagram.com\\\/densebreastscanada\\\/\"]},{\"@type\":\"Person\",\"@id\":\"https:\\\/\\\/densebreastscanada.ca\\\/#\\\/schema\\\/person\\\/8e89fec14ae1795cf520092c07ef40de\",\"name\":\"Jennie Dale\",\"image\":{\"@type\":\"ImageObject\",\"inLanguage\":\"fr-CA\",\"@id\":\"https:\\\/\\\/densebreastscanada.ca\\\/wp-content\\\/wphb-cache\\\/gravatar\\\/6ec\\\/6ec2fb01af2086cfc0daeb52b65968e5x96.jpg\",\"url\":\"https:\\\/\\\/densebreastscanada.ca\\\/wp-content\\\/wphb-cache\\\/gravatar\\\/6ec\\\/6ec2fb01af2086cfc0daeb52b65968e5x96.jpg\",\"contentUrl\":\"https:\\\/\\\/densebreastscanada.ca\\\/wp-content\\\/wphb-cache\\\/gravatar\\\/6ec\\\/6ec2fb01af2086cfc0daeb52b65968e5x96.jpg\",\"caption\":\"Jennie Dale\"}}]}<\/script>\n<!-- \/ Yoast SEO plugin. -->","yoast_head_json":{"title":"Karen | Dense Breasts Canada","robots":{"index":"index","follow":"follow","max-snippet":"max-snippet:-1","max-image-preview":"max-image-preview:large","max-video-preview":"max-video-preview:-1"},"canonical":"https:\/\/densebreastscanada.ca\/fr\/karen\/","og_locale":"fr_CA","og_type":"article","og_title":"Karen | Dense Breasts Canada","og_description":"I started having regular mammograms at the age of 47 because my mother had breast cancer at 57. All the mammograms were clear as read by the radiologist. My most recent one was April 27, 2022 and it also was clear. Two weeks later, I noticed my breast was very misshapen. I saw my nurse&hellip;","og_url":"https:\/\/densebreastscanada.ca\/fr\/karen\/","og_site_name":"Dense Breasts Canada","article_publisher":"https:\/\/www.facebook.com\/densebreastscanada\/","article_published_time":"2023-04-03T19:02:20+00:00","article_modified_time":"2023-04-03T19:04:47+00:00","og_image":[{"width":1080,"height":1080,"url":"https:\/\/densebreastscanada.ca\/wp-content\/uploads\/2023\/04\/Karen.jpg","type":"image\/jpeg"}],"author":"Jennie Dale","twitter_card":"summary_large_image","twitter_creator":"@densebreastscdn","twitter_site":"@densebreastscdn","twitter_misc":{"\u00c9crit par":"Jennie Dale","Estimation du temps de lecture":"2 minutes"},"schema":{"@context":"https:\/\/schema.org","@graph":[{"@type":"Article","@id":"https:\/\/densebreastscanada.ca\/karen\/#article","isPartOf":{"@id":"https:\/\/densebreastscanada.ca\/karen\/"},"author":{"name":"Jennie Dale","@id":"https:\/\/densebreastscanada.ca\/#\/schema\/person\/8e89fec14ae1795cf520092c07ef40de"},"headline":"Karen","datePublished":"2023-04-03T19:02:20+00:00","dateModified":"2023-04-03T19:04:47+00:00","mainEntityOfPage":{"@id":"https:\/\/densebreastscanada.ca\/karen\/"},"wordCount":263,"publisher":{"@id":"https:\/\/densebreastscanada.ca\/#organization"},"image":{"@id":"https:\/\/densebreastscanada.ca\/karen\/#primaryimage"},"thumbnailUrl":"https:\/\/densebreastscanada.ca\/wp-content\/uploads\/2023\/04\/Karen.jpg","articleSection":["Stories"],"inLanguage":"fr-CA"},{"@type":"WebPage","@id":"https:\/\/densebreastscanada.ca\/karen\/","url":"https:\/\/densebreastscanada.ca\/karen\/","name":"Karen | Dense Breasts Canada","isPartOf":{"@id":"https:\/\/densebreastscanada.ca\/#website"},"primaryImageOfPage":{"@id":"https:\/\/densebreastscanada.ca\/karen\/#primaryimage"},"image":{"@id":"https:\/\/densebreastscanada.ca\/karen\/#primaryimage"},"thumbnailUrl":"https:\/\/densebreastscanada.ca\/wp-content\/uploads\/2023\/04\/Karen.jpg","datePublished":"2023-04-03T19:02:20+00:00","dateModified":"2023-04-03T19:04:47+00:00","breadcrumb":{"@id":"https:\/\/densebreastscanada.ca\/karen\/#breadcrumb"},"inLanguage":"fr-CA","potentialAction":[{"@type":"ReadAction","target":["https:\/\/densebreastscanada.ca\/karen\/"]}]},{"@type":"ImageObject","inLanguage":"fr-CA","@id":"https:\/\/densebreastscanada.ca\/karen\/#primaryimage","url":"https:\/\/densebreastscanada.ca\/wp-content\/uploads\/2023\/04\/Karen.jpg","contentUrl":"https:\/\/densebreastscanada.ca\/wp-content\/uploads\/2023\/04\/Karen.jpg","width":1080,"height":1080},{"@type":"BreadcrumbList","@id":"https:\/\/densebreastscanada.ca\/karen\/#breadcrumb","itemListElement":[{"@type":"ListItem","position":1,"name":"Home","item":"https:\/\/densebreastscanada.ca\/"},{"@type":"ListItem","position":2,"name":"Karen"}]},{"@type":"WebSite","@id":"https:\/\/densebreastscanada.ca\/#website","url":"https:\/\/densebreastscanada.ca\/","name":"Dense Breasts Canada","description":"Get the breast screening best for you","publisher":{"@id":"https:\/\/densebreastscanada.ca\/#organization"},"potentialAction":[{"@type":"SearchAction","target":{"@type":"EntryPoint","urlTemplate":"https:\/\/densebreastscanada.ca\/?s={search_term_string}"},"query-input":{"@type":"PropertyValueSpecification","valueRequired":true,"valueName":"search_term_string"}}],"inLanguage":"fr-CA"},{"@type":"Organization","@id":"https:\/\/densebreastscanada.ca\/#organization","name":"Dense Breasts Canada","url":"https:\/\/densebreastscanada.ca\/","logo":{"@type":"ImageObject","inLanguage":"fr-CA","@id":"https:\/\/densebreastscanada.ca\/#\/schema\/logo\/image\/","url":"https:\/\/densebreastscanada.ca\/wp-content\/uploads\/2019\/04\/DenseBreastsCanada_Logo_H_C-150.png","contentUrl":"https:\/\/densebreastscanada.ca\/wp-content\/uploads\/2019\/04\/DenseBreastsCanada_Logo_H_C-150.png","width":150,"height":37,"caption":"Dense Breasts Canada"},"image":{"@id":"https:\/\/densebreastscanada.ca\/#\/schema\/logo\/image\/"},"sameAs":["https:\/\/www.facebook.com\/densebreastscanada\/","https:\/\/x.com\/densebreastscdn","https:\/\/www.instagram.com\/densebreastscanada\/"]},{"@type":"Person","@id":"https:\/\/densebreastscanada.ca\/#\/schema\/person\/8e89fec14ae1795cf520092c07ef40de","name":"Jennie Dale","image":{"@type":"ImageObject","inLanguage":"fr-CA","@id":"https:\/\/densebreastscanada.ca\/wp-content\/wphb-cache\/gravatar\/6ec\/6ec2fb01af2086cfc0daeb52b65968e5x96.jpg","url":"https:\/\/densebreastscanada.ca\/wp-content\/wphb-cache\/gravatar\/6ec\/6ec2fb01af2086cfc0daeb52b65968e5x96.jpg","contentUrl":"https:\/\/densebreastscanada.ca\/wp-content\/wphb-cache\/gravatar\/6ec\/6ec2fb01af2086cfc0daeb52b65968e5x96.jpg","caption":"Jennie Dale"}}]}},"_links":{"self":[{"href":"https:\/\/densebreastscanada.ca\/fr\/wp-json\/wp\/v2\/posts\/31232","targetHints":{"allow":["GET"]}}],"collection":[{"href":"https:\/\/densebreastscanada.ca\/fr\/wp-json\/wp\/v2\/posts"}],"about":[{"href":"https:\/\/densebreastscanada.ca\/fr\/wp-json\/wp\/v2\/types\/post"}],"author":[{"embeddable":true,"href":"https:\/\/densebreastscanada.ca\/fr\/wp-json\/wp\/v2\/users\/4"}],"replies":[{"embeddable":true,"href":"https:\/\/densebreastscanada.ca\/fr\/wp-json\/wp\/v2\/comments?post=31232"}],"version-history":[{"count":0,"href":"https:\/\/densebreastscanada.ca\/fr\/wp-json\/wp\/v2\/posts\/31232\/revisions"}],"wp:featuredmedia":[{"embeddable":true,"href":"https:\/\/densebreastscanada.ca\/fr\/wp-json\/wp\/v2\/media\/31233"}],"wp:attachment":[{"href":"https:\/\/densebreastscanada.ca\/fr\/wp-json\/wp\/v2\/media?parent=31232"}],"wp:term":[{"taxonomy":"category","embeddable":true,"href":"https:\/\/densebreastscanada.ca\/fr\/wp-json\/wp\/v2\/categories?post=31232"},{"taxonomy":"post_tag","embeddable":true,"href":"https:\/\/densebreastscanada.ca\/fr\/wp-json\/wp\/v2\/tags?post=31232"}],"curies":[{"name":"wp","href":"https:\/\/api.w.org\/{rel}","templated":true}]}}