{"id":43432,"date":"2023-08-20T06:14:04","date_gmt":"2023-08-20T06:14:04","guid":{"rendered":"https:\/\/densebreastscanada.ca\/?p=43432"},"modified":"2024-05-29T03:02:08","modified_gmt":"2024-05-29T03:02:08","slug":"kristin","status":"publish","type":"post","link":"https:\/\/densebreastscanada.ca\/fr\/kristin\/","title":{"rendered":"In Memory: Kristin Steeves"},"content":{"rendered":"<p>Mon histoire de cancer du sein d\u00e9bute bien avant mon propre diagnostic personnel. \u00c0 l'\u00e2ge de 36 ans, ma m\u00e8re a \u00e9t\u00e9 diagnostiqu\u00e9e d'un cancer du sein de stade 4, et apr\u00e8s une bataille \u00e9puisante de trois ans, elle est malheureusement d\u00e9c\u00e9d\u00e9e \u00e0 l'\u00e2ge de 39 ans. J'avais seulement 9 ans. Ma famille et mes amis m'ont toujours dit de surveiller attentivement ma sant\u00e9 mammaire, mais qu'est-ce que cela voulait dire vraiment ? Je faisais r\u00e9guli\u00e8rement des auto-examens avec peu de confiance et d'orientation. \u00c0 19 ans, j'ai fait une demande d\u2019un test g\u00e9n\u00e9tique pour \u00e9valuer mon risque potentiellement plus \u00e9lev\u00e9 (la m\u00e8re de mon p\u00e8re avait \u00e9galement eu un cancer du sein avant l'\u00e2ge de 40 ans mais avait v\u00e9cu jusqu'\u00e0 un \u00e2ge avanc\u00e9). \u00c0 ma grande surprise, on m'a dit que je ne remplissais pas les crit\u00e8res pour un test g\u00e9n\u00e9tique en Ontario, car le taux de cancer n'\u00e9tait pas suffisamment \u00e9lev\u00e9 dans mon arbre g\u00e9n\u00e9alogique et que je ne pr\u00e9sentais AUCUN risque plus \u00e9lev\u00e9 que la femme moyenne. Vraiment? Bon. J'ai donc continu\u00e9 avec mes connaissances limit\u00e9es en mati\u00e8re d'auto-examens et ce que je consid\u00e9rais comme une densit\u00e9 mammaire \u00e9lev\u00e9e. <\/p>\n<p>Penchons-nous sur ma vie en Alberta \u00e0 l'\u00e2ge de 30 ans, lorsque j'ai eu ma premi\u00e8re mammographie sur les conseils de mon nouveau m\u00e9decin. Mon mari et moi avons \u00e9galement d\u00e9cid\u00e9 qu'il serait important d'investir personnellement dans un test g\u00e9n\u00e9tique \u00e0 l'\u00e2ge de 33 ans. Les r\u00e9sultats g\u00e9n\u00e9tiques n'ont montr\u00e9 aucune preuve de g\u00e8nes responsables du cancer du sein comme BRCA, et une fois de plus, on m'a assur\u00e9 que je ne pr\u00e9sentais AUCUN risque plus \u00e9lev\u00e9. Cependant, le g\u00e9n\u00e9ticien que j'ai consult\u00e9 m'a recommand\u00e9 de continuer \u00e0 effectuer r\u00e9guli\u00e8rement des IRM par mesure de pr\u00e9caution. Il a \u00e9t\u00e9 le premier \u00e0 m'informer que la densit\u00e9 mammaire \u00e9lev\u00e9e ne se montrerait pas beaucoup sur une mammographie, et c'est pourquoi l'IRM \u00e9tait un outil de d\u00e9pistage bien plus fiable pour moi. J'ai r\u00e9alis\u00e9 ma premi\u00e8re IRM \u00e0 l'automne 2019, avec une recommandation pour des IRM biannuelles. <\/p>\n<p>Then 2020 rolled around and our young family moved back to Ontario. Any sense of breast screening was at a standstill. I finally got in to see my original childhood family doctor for a visit in early 2022. I was sure to ask about breast screening protocols and discovered that doctors aren\u2019t recommended to do breast examinations on a routine check but rather only if there is a concern. I did NOT have a physical breast exam completed in February 2022 based on these recommendations (stage 3 diagnosis to come within 6 months). The rationale was that more physical screenings can lead to more unnecessary imaging and biopsies, and increased levels of anxiety while \u201cNOT helping us detect cancer ANY sooner.\u201d Remember I\u2019m still doing self-exams here and there and truly not understanding what the difference is between dense breast tissue and true lumps of concern. I figured I would just know-wrong.<\/p>\n<p>Puis l'ann\u00e9e 2020 est arriv\u00e9e, et notre jeune famille est retourn\u00e9e en Ontario. Toutes les formes de d\u00e9pistage du cancer du sein semblaient \u00eatre \u00e0 l'arr\u00eat. J'ai enfin pu consulter mon m\u00e9decin de famille d'enfance original au d\u00e9but de 2022. J'ai veill\u00e9 \u00e0 poser des questions sur les protocoles de d\u00e9pistage du cancer du sein et j'ai d\u00e9couvert que les m\u00e9decins ne sont pas encourag\u00e9s \u00e0 r\u00e9aliser des examens mammaires lors des bilans de routine, mais uniquement en cas de pr\u00e9occupation. Je n'ai PAS subi d'examen physique des seins en f\u00e9vrier 2022 en suivant ces recommandations (le diagnostic de stade 3 allait survenir dans les prochains 6 mois). La justification \u00e9tait que plus de d\u00e9pistages physiques pouvaient entra\u00eener plus d'examens d'imagerie et de biopsies inutiles, ainsi qu'une augmentation du niveau d'anxi\u00e9t\u00e9, sans pour autant \"NOUS aider \u00e0 d\u00e9tecter le cancer PLUS t\u00f4t.\" Je continuais donc \u00e0 r\u00e9aliser des auto-examens ici et l\u00e0, sans vraiment comprendre la diff\u00e9rence entre une densit\u00e9 mammaire \u00e9lev\u00e9e et de vraies masses. Je pensais simplement que je saurais faire la distinction\u2026mais j'avais tort.<\/p>\n<p>C'est mon mari qui a d\u00e9couvert la masse \u00e0 la mi-juillet. J'ai balay\u00e9 cela d'un revers de main pendant une semaine en pensant que c'\u00e9tait simplement une zone plus dense; puis mon intuition m'a r\u00e9veill\u00e9e \u00e0 2 heures du matin un soir et m'a incit\u00e9e \u00e0 prendre rendez-vous. J'ai imm\u00e9diatement demand\u00e9 une IRM, mais on m'a dit qu'en Ontario, je devais commencer par une mammographie seule. J'ai pr\u00e9cis\u00e9 qu'on m'avait d\u00e9j\u00e0 dit que cela ne montrerait pas grand-chose chez une personne ayant des seins denses, et on m'a signal\u00e9 que je pouvais \u00e9galement demander une \u00e9chographie. J'ai donc subi ma mammographie, qui n'a rien montr\u00e9 d'anormal. Rien du tout... elle n'a pas d\u00e9tect\u00e9 une masse de 9x6cm. On cherchait une aiguille dans une botte de foin chez une patiente typique ayant des seins denses. Mais l'\u00e9chographie a tout r\u00e9v\u00e9l\u00e9, m\u00eame les masses plus petites pr\u00e9sentes derri\u00e8re le \"Big Bertha\". Le radiologue a \u00e9t\u00e9 franc avec moi et m'a dit sur-le-champ que la probabilit\u00e9 que ce soit un cancer \u00e9tait de 95%. Une confusion aveuglante, un choc, ont suivi. Pourtant, j'avais tout fait correctement. Pourtant, mon test g\u00e9n\u00e9tique \u00e9tait n\u00e9gatif. Pourtant, je n'\u00e9tais pas plus \u00e0 risque qu'une femme moyenne de 38 ans. Il a propos\u00e9 de me revoir pour une biopsie. Je l'ai fix\u00e9 droit dans les yeux et j'ai dit : \"Me revoir?\" Comment pouvaient-ils vouloir perdre encore plus de temps pr\u00e9cieux? J'ai eu l'impression que c'\u00e9tait un moment o\u00f9 je devais me d\u00e9fendre, et il a effectu\u00e9 la biopsie sur-le-champ, m'\u00e9pargnant ainsi plusieurs semaines suppl\u00e9mentaires d'attente angoissante. Peu de temps apr\u00e8s que la biopsie ait \u00e9t\u00e9 r\u00e9alis\u00e9e, j'ai re\u00e7u un diagnostic de cancer du sein triple n\u00e9gatif de stade 3.\n\nMon objectif en partageant mon histoire avec vous est de susciter votre attention sur certains de ces d\u00e9tails. Remettre en question un professionnel de la sant\u00e9 n'est pas inappropri\u00e9, c'est une d\u00e9marche pour obtenir des \u00e9claircissements et pr\u00e9server votre meilleur int\u00e9r\u00eat. Imaginez si je n'avais pas demand\u00e9 une \u00e9chographie en plus de ma mammographie? Je suis convaincue que notre syst\u00e8me a encore beaucoup de chemin \u00e0 parcourir pour mettre en place les outils de d\u00e9pistage ad\u00e9quats et les lignes directrices n\u00e9cessaires pour permettre aux femmes de d\u00e9tecter le cancer du sein bien plus t\u00f4t qu'il n'est actuellement d\u00e9tect\u00e9. J'esp\u00e8re contribuer \u00e0 ce changement en partageant mon histoire. <\/p>\n<p>Note de la SDC : Kristin, du fond de nos c\u0153urs, nous vous remercions pour votre courage et votre volont\u00e9 de partager votre histoire. Merci d'aider d'autres femmes \u00e0 s'informer de tant de mani\u00e8res importantes. Notre gratitude, l'\u00e9quipe de la SDC. <\/p>","protected":false},"excerpt":{"rendered":"<p>Mon histoire de cancer du sein d\u00e9bute bien avant mon propre diagnostic personnel. \u00c0 l'\u00e2ge de 36 ans, ma m\u00e8re a \u00e9t\u00e9 diagnostiqu\u00e9e d'un cancer du sein de stade 4, et apr\u00e8s une bataille \u00e9puisante de trois ans, elle est malheureusement d\u00e9c\u00e9d\u00e9e \u00e0 l'\u00e2ge de 39 ans. J'avais seulement 9 ans. Ma famille et mes amis m'ont toujours...<\/p>","protected":false},"author":4,"featured_media":43433,"comment_status":"closed","ping_status":"closed","sticky":false,"template":"","format":"standard","meta":{"om_disable_all_campaigns":false,"footnotes":"","_links_to":"","_links_to_target":""},"categories":[83],"tags":[],"class_list":["post-43432","post","type-post","status-publish","format-standard","has-post-thumbnail","hentry","category-stories"],"yoast_head":"<!-- This site is optimized with the Yoast SEO plugin v27.4 - https:\/\/yoast.com\/product\/yoast-seo-wordpress\/ -->\n<title>In Memory: Kristin Steeves | Dense Breasts Canada<\/title>\n<meta name=\"robots\" content=\"index, follow, max-snippet:-1, max-image-preview:large, max-video-preview:-1\" \/>\n<link rel=\"canonical\" href=\"https:\/\/densebreastscanada.ca\/fr\/kristin\/\" \/>\n<meta property=\"og:locale\" content=\"fr_CA\" \/>\n<meta property=\"og:type\" content=\"article\" \/>\n<meta property=\"og:title\" content=\"In Memory: Kristin Steeves | Dense Breasts Canada\" \/>\n<meta property=\"og:description\" content=\"My breast cancer story begins much earlier than my own personal diagnosis. At the age of 36, my mother was diagnosed with stage 4 breast cancer, and after a gruelling three year battle, sadly passed away at age 39. I was only 9 years old. I was always told by family and friends to stay&hellip;\" \/>\n<meta property=\"og:url\" content=\"https:\/\/densebreastscanada.ca\/fr\/kristin\/\" \/>\n<meta property=\"og:site_name\" content=\"Dense Breasts Canada\" \/>\n<meta property=\"article:publisher\" content=\"https:\/\/www.facebook.com\/densebreastscanada\/\" \/>\n<meta property=\"article:published_time\" content=\"2023-08-20T06:14:04+00:00\" \/>\n<meta property=\"article:modified_time\" content=\"2024-05-29T03:02:08+00:00\" \/>\n<meta property=\"og:image\" content=\"https:\/\/densebreastscanada.ca\/wp-content\/uploads\/2023\/08\/kristin.jpg\" \/>\n\t<meta property=\"og:image:width\" content=\"1080\" \/>\n\t<meta property=\"og:image:height\" content=\"1080\" \/>\n\t<meta property=\"og:image:type\" content=\"image\/jpeg\" \/>\n<meta name=\"author\" content=\"Jennie Dale\" \/>\n<meta name=\"twitter:card\" content=\"summary_large_image\" \/>\n<meta name=\"twitter:creator\" content=\"@densebreastscdn\" \/>\n<meta name=\"twitter:site\" content=\"@densebreastscdn\" \/>\n<meta name=\"twitter:label1\" content=\"\u00c9crit par\" \/>\n\t<meta name=\"twitter:data1\" content=\"Jennie Dale\" \/>\n\t<meta name=\"twitter:label2\" content=\"Estimation du temps de lecture\" \/>\n\t<meta name=\"twitter:data2\" content=\"4 minutes\" \/>\n<script type=\"application\/ld+json\" class=\"yoast-schema-graph\">{\"@context\":\"https:\\\/\\\/schema.org\",\"@graph\":[{\"@type\":\"Article\",\"@id\":\"https:\\\/\\\/densebreastscanada.ca\\\/kristin\\\/#article\",\"isPartOf\":{\"@id\":\"https:\\\/\\\/densebreastscanada.ca\\\/kristin\\\/\"},\"author\":{\"name\":\"Jennie Dale\",\"@id\":\"https:\\\/\\\/densebreastscanada.ca\\\/#\\\/schema\\\/person\\\/8e89fec14ae1795cf520092c07ef40de\"},\"headline\":\"In Memory: Kristin Steeves\",\"datePublished\":\"2023-08-20T06:14:04+00:00\",\"dateModified\":\"2024-05-29T03:02:08+00:00\",\"mainEntityOfPage\":{\"@id\":\"https:\\\/\\\/densebreastscanada.ca\\\/kristin\\\/\"},\"wordCount\":832,\"publisher\":{\"@id\":\"https:\\\/\\\/densebreastscanada.ca\\\/#organization\"},\"image\":{\"@id\":\"https:\\\/\\\/densebreastscanada.ca\\\/kristin\\\/#primaryimage\"},\"thumbnailUrl\":\"https:\\\/\\\/densebreastscanada.ca\\\/wp-content\\\/uploads\\\/2023\\\/08\\\/kristin.jpg\",\"articleSection\":[\"Stories\"],\"inLanguage\":\"fr-CA\"},{\"@type\":\"WebPage\",\"@id\":\"https:\\\/\\\/densebreastscanada.ca\\\/kristin\\\/\",\"url\":\"https:\\\/\\\/densebreastscanada.ca\\\/kristin\\\/\",\"name\":\"In Memory: Kristin Steeves | Dense Breasts Canada\",\"isPartOf\":{\"@id\":\"https:\\\/\\\/densebreastscanada.ca\\\/#website\"},\"primaryImageOfPage\":{\"@id\":\"https:\\\/\\\/densebreastscanada.ca\\\/kristin\\\/#primaryimage\"},\"image\":{\"@id\":\"https:\\\/\\\/densebreastscanada.ca\\\/kristin\\\/#primaryimage\"},\"thumbnailUrl\":\"https:\\\/\\\/densebreastscanada.ca\\\/wp-content\\\/uploads\\\/2023\\\/08\\\/kristin.jpg\",\"datePublished\":\"2023-08-20T06:14:04+00:00\",\"dateModified\":\"2024-05-29T03:02:08+00:00\",\"breadcrumb\":{\"@id\":\"https:\\\/\\\/densebreastscanada.ca\\\/kristin\\\/#breadcrumb\"},\"inLanguage\":\"fr-CA\",\"potentialAction\":[{\"@type\":\"ReadAction\",\"target\":[\"https:\\\/\\\/densebreastscanada.ca\\\/kristin\\\/\"]}]},{\"@type\":\"ImageObject\",\"inLanguage\":\"fr-CA\",\"@id\":\"https:\\\/\\\/densebreastscanada.ca\\\/kristin\\\/#primaryimage\",\"url\":\"https:\\\/\\\/densebreastscanada.ca\\\/wp-content\\\/uploads\\\/2023\\\/08\\\/kristin.jpg\",\"contentUrl\":\"https:\\\/\\\/densebreastscanada.ca\\\/wp-content\\\/uploads\\\/2023\\\/08\\\/kristin.jpg\",\"width\":1080,\"height\":1080},{\"@type\":\"BreadcrumbList\",\"@id\":\"https:\\\/\\\/densebreastscanada.ca\\\/kristin\\\/#breadcrumb\",\"itemListElement\":[{\"@type\":\"ListItem\",\"position\":1,\"name\":\"Home\",\"item\":\"https:\\\/\\\/densebreastscanada.ca\\\/\"},{\"@type\":\"ListItem\",\"position\":2,\"name\":\"In Memory: Kristin Steeves\"}]},{\"@type\":\"WebSite\",\"@id\":\"https:\\\/\\\/densebreastscanada.ca\\\/#website\",\"url\":\"https:\\\/\\\/densebreastscanada.ca\\\/\",\"name\":\"Dense Breasts Canada\",\"description\":\"Get the breast screening best for you\",\"publisher\":{\"@id\":\"https:\\\/\\\/densebreastscanada.ca\\\/#organization\"},\"potentialAction\":[{\"@type\":\"SearchAction\",\"target\":{\"@type\":\"EntryPoint\",\"urlTemplate\":\"https:\\\/\\\/densebreastscanada.ca\\\/?s={search_term_string}\"},\"query-input\":{\"@type\":\"PropertyValueSpecification\",\"valueRequired\":true,\"valueName\":\"search_term_string\"}}],\"inLanguage\":\"fr-CA\"},{\"@type\":\"Organization\",\"@id\":\"https:\\\/\\\/densebreastscanada.ca\\\/#organization\",\"name\":\"Dense Breasts Canada\",\"url\":\"https:\\\/\\\/densebreastscanada.ca\\\/\",\"logo\":{\"@type\":\"ImageObject\",\"inLanguage\":\"fr-CA\",\"@id\":\"https:\\\/\\\/densebreastscanada.ca\\\/#\\\/schema\\\/logo\\\/image\\\/\",\"url\":\"https:\\\/\\\/densebreastscanada.ca\\\/wp-content\\\/uploads\\\/2019\\\/04\\\/DenseBreastsCanada_Logo_H_C-150.png\",\"contentUrl\":\"https:\\\/\\\/densebreastscanada.ca\\\/wp-content\\\/uploads\\\/2019\\\/04\\\/DenseBreastsCanada_Logo_H_C-150.png\",\"width\":150,\"height\":37,\"caption\":\"Dense Breasts Canada\"},\"image\":{\"@id\":\"https:\\\/\\\/densebreastscanada.ca\\\/#\\\/schema\\\/logo\\\/image\\\/\"},\"sameAs\":[\"https:\\\/\\\/www.facebook.com\\\/densebreastscanada\\\/\",\"https:\\\/\\\/x.com\\\/densebreastscdn\",\"https:\\\/\\\/www.instagram.com\\\/densebreastscanada\\\/\"]},{\"@type\":\"Person\",\"@id\":\"https:\\\/\\\/densebreastscanada.ca\\\/#\\\/schema\\\/person\\\/8e89fec14ae1795cf520092c07ef40de\",\"name\":\"Jennie Dale\",\"image\":{\"@type\":\"ImageObject\",\"inLanguage\":\"fr-CA\",\"@id\":\"https:\\\/\\\/densebreastscanada.ca\\\/wp-content\\\/wphb-cache\\\/gravatar\\\/6ec\\\/6ec2fb01af2086cfc0daeb52b65968e5x96.jpg\",\"url\":\"https:\\\/\\\/densebreastscanada.ca\\\/wp-content\\\/wphb-cache\\\/gravatar\\\/6ec\\\/6ec2fb01af2086cfc0daeb52b65968e5x96.jpg\",\"contentUrl\":\"https:\\\/\\\/densebreastscanada.ca\\\/wp-content\\\/wphb-cache\\\/gravatar\\\/6ec\\\/6ec2fb01af2086cfc0daeb52b65968e5x96.jpg\",\"caption\":\"Jennie Dale\"}}]}<\/script>\n<!-- \/ Yoast SEO plugin. -->","yoast_head_json":{"title":"In Memory: Kristin Steeves | Dense Breasts Canada","robots":{"index":"index","follow":"follow","max-snippet":"max-snippet:-1","max-image-preview":"max-image-preview:large","max-video-preview":"max-video-preview:-1"},"canonical":"https:\/\/densebreastscanada.ca\/fr\/kristin\/","og_locale":"fr_CA","og_type":"article","og_title":"In Memory: Kristin Steeves | Dense Breasts Canada","og_description":"My breast cancer story begins much earlier than my own personal diagnosis. At the age of 36, my mother was diagnosed with stage 4 breast cancer, and after a gruelling three year battle, sadly passed away at age 39. I was only 9 years old. I was always told by family and friends to stay&hellip;","og_url":"https:\/\/densebreastscanada.ca\/fr\/kristin\/","og_site_name":"Dense Breasts Canada","article_publisher":"https:\/\/www.facebook.com\/densebreastscanada\/","article_published_time":"2023-08-20T06:14:04+00:00","article_modified_time":"2024-05-29T03:02:08+00:00","og_image":[{"width":1080,"height":1080,"url":"https:\/\/densebreastscanada.ca\/wp-content\/uploads\/2023\/08\/kristin.jpg","type":"image\/jpeg"}],"author":"Jennie Dale","twitter_card":"summary_large_image","twitter_creator":"@densebreastscdn","twitter_site":"@densebreastscdn","twitter_misc":{"\u00c9crit par":"Jennie Dale","Estimation du temps de lecture":"4 minutes"},"schema":{"@context":"https:\/\/schema.org","@graph":[{"@type":"Article","@id":"https:\/\/densebreastscanada.ca\/kristin\/#article","isPartOf":{"@id":"https:\/\/densebreastscanada.ca\/kristin\/"},"author":{"name":"Jennie Dale","@id":"https:\/\/densebreastscanada.ca\/#\/schema\/person\/8e89fec14ae1795cf520092c07ef40de"},"headline":"In Memory: Kristin Steeves","datePublished":"2023-08-20T06:14:04+00:00","dateModified":"2024-05-29T03:02:08+00:00","mainEntityOfPage":{"@id":"https:\/\/densebreastscanada.ca\/kristin\/"},"wordCount":832,"publisher":{"@id":"https:\/\/densebreastscanada.ca\/#organization"},"image":{"@id":"https:\/\/densebreastscanada.ca\/kristin\/#primaryimage"},"thumbnailUrl":"https:\/\/densebreastscanada.ca\/wp-content\/uploads\/2023\/08\/kristin.jpg","articleSection":["Stories"],"inLanguage":"fr-CA"},{"@type":"WebPage","@id":"https:\/\/densebreastscanada.ca\/kristin\/","url":"https:\/\/densebreastscanada.ca\/kristin\/","name":"In Memory: Kristin Steeves | Dense Breasts Canada","isPartOf":{"@id":"https:\/\/densebreastscanada.ca\/#website"},"primaryImageOfPage":{"@id":"https:\/\/densebreastscanada.ca\/kristin\/#primaryimage"},"image":{"@id":"https:\/\/densebreastscanada.ca\/kristin\/#primaryimage"},"thumbnailUrl":"https:\/\/densebreastscanada.ca\/wp-content\/uploads\/2023\/08\/kristin.jpg","datePublished":"2023-08-20T06:14:04+00:00","dateModified":"2024-05-29T03:02:08+00:00","breadcrumb":{"@id":"https:\/\/densebreastscanada.ca\/kristin\/#breadcrumb"},"inLanguage":"fr-CA","potentialAction":[{"@type":"ReadAction","target":["https:\/\/densebreastscanada.ca\/kristin\/"]}]},{"@type":"ImageObject","inLanguage":"fr-CA","@id":"https:\/\/densebreastscanada.ca\/kristin\/#primaryimage","url":"https:\/\/densebreastscanada.ca\/wp-content\/uploads\/2023\/08\/kristin.jpg","contentUrl":"https:\/\/densebreastscanada.ca\/wp-content\/uploads\/2023\/08\/kristin.jpg","width":1080,"height":1080},{"@type":"BreadcrumbList","@id":"https:\/\/densebreastscanada.ca\/kristin\/#breadcrumb","itemListElement":[{"@type":"ListItem","position":1,"name":"Home","item":"https:\/\/densebreastscanada.ca\/"},{"@type":"ListItem","position":2,"name":"In Memory: Kristin Steeves"}]},{"@type":"WebSite","@id":"https:\/\/densebreastscanada.ca\/#website","url":"https:\/\/densebreastscanada.ca\/","name":"Dense Breasts Canada","description":"Get the breast screening best for you","publisher":{"@id":"https:\/\/densebreastscanada.ca\/#organization"},"potentialAction":[{"@type":"SearchAction","target":{"@type":"EntryPoint","urlTemplate":"https:\/\/densebreastscanada.ca\/?s={search_term_string}"},"query-input":{"@type":"PropertyValueSpecification","valueRequired":true,"valueName":"search_term_string"}}],"inLanguage":"fr-CA"},{"@type":"Organization","@id":"https:\/\/densebreastscanada.ca\/#organization","name":"Dense Breasts Canada","url":"https:\/\/densebreastscanada.ca\/","logo":{"@type":"ImageObject","inLanguage":"fr-CA","@id":"https:\/\/densebreastscanada.ca\/#\/schema\/logo\/image\/","url":"https:\/\/densebreastscanada.ca\/wp-content\/uploads\/2019\/04\/DenseBreastsCanada_Logo_H_C-150.png","contentUrl":"https:\/\/densebreastscanada.ca\/wp-content\/uploads\/2019\/04\/DenseBreastsCanada_Logo_H_C-150.png","width":150,"height":37,"caption":"Dense Breasts Canada"},"image":{"@id":"https:\/\/densebreastscanada.ca\/#\/schema\/logo\/image\/"},"sameAs":["https:\/\/www.facebook.com\/densebreastscanada\/","https:\/\/x.com\/densebreastscdn","https:\/\/www.instagram.com\/densebreastscanada\/"]},{"@type":"Person","@id":"https:\/\/densebreastscanada.ca\/#\/schema\/person\/8e89fec14ae1795cf520092c07ef40de","name":"Jennie Dale","image":{"@type":"ImageObject","inLanguage":"fr-CA","@id":"https:\/\/densebreastscanada.ca\/wp-content\/wphb-cache\/gravatar\/6ec\/6ec2fb01af2086cfc0daeb52b65968e5x96.jpg","url":"https:\/\/densebreastscanada.ca\/wp-content\/wphb-cache\/gravatar\/6ec\/6ec2fb01af2086cfc0daeb52b65968e5x96.jpg","contentUrl":"https:\/\/densebreastscanada.ca\/wp-content\/wphb-cache\/gravatar\/6ec\/6ec2fb01af2086cfc0daeb52b65968e5x96.jpg","caption":"Jennie Dale"}}]}},"_links":{"self":[{"href":"https:\/\/densebreastscanada.ca\/fr\/wp-json\/wp\/v2\/posts\/43432","targetHints":{"allow":["GET"]}}],"collection":[{"href":"https:\/\/densebreastscanada.ca\/fr\/wp-json\/wp\/v2\/posts"}],"about":[{"href":"https:\/\/densebreastscanada.ca\/fr\/wp-json\/wp\/v2\/types\/post"}],"author":[{"embeddable":true,"href":"https:\/\/densebreastscanada.ca\/fr\/wp-json\/wp\/v2\/users\/4"}],"replies":[{"embeddable":true,"href":"https:\/\/densebreastscanada.ca\/fr\/wp-json\/wp\/v2\/comments?post=43432"}],"version-history":[{"count":0,"href":"https:\/\/densebreastscanada.ca\/fr\/wp-json\/wp\/v2\/posts\/43432\/revisions"}],"wp:featuredmedia":[{"embeddable":true,"href":"https:\/\/densebreastscanada.ca\/fr\/wp-json\/wp\/v2\/media\/43433"}],"wp:attachment":[{"href":"https:\/\/densebreastscanada.ca\/fr\/wp-json\/wp\/v2\/media?parent=43432"}],"wp:term":[{"taxonomy":"category","embeddable":true,"href":"https:\/\/densebreastscanada.ca\/fr\/wp-json\/wp\/v2\/categories?post=43432"},{"taxonomy":"post_tag","embeddable":true,"href":"https:\/\/densebreastscanada.ca\/fr\/wp-json\/wp\/v2\/tags?post=43432"}],"curies":[{"name":"wp","href":"https:\/\/api.w.org\/{rel}","templated":true}]}}